[{"@context":"https:\/\/schema.org\/","@type":"Article","@id":"https:\/\/www.stolex.cz\/s-celou-rodinou\/#Article","mainEntityOfPage":"https:\/\/www.stolex.cz\/s-celou-rodinou\/","headline":"S celou rodinou","name":"S celou rodinou","description":"Snad nejobl\u00edben\u011bj\u0161\u00ed n\u00e1rodopisnou slavnost\u00ed b\u00fdv\u00e1 v m\u00e1jov\u00fdch dnech J\u00edzda kr\u00e1l\u016f. Na kterou se sj\u00ed\u017ed\u00ed div\u00e1ci z cel\u00e9 republiky. Aby ocenili krojovanou dru\u017einu chlapc\u016f na kon\u00edch p\u0159i ob\u0159adn\u00ed obj\u00ed\u017e\u010fce cel\u00e9 vesnice. Kdy hlavn\u00ed postavou je kr\u00e1l oble\u010den do \u017eensk\u00e9ho kroje. Doprovod tvo\u0159\u00ed je\u0161t\u011b krom\u011b p\u00e1\u017eat\u00a0i tajemn\u00edci s tasen\u00fdmi \u0161avlemi. K pr\u016fvodu se mnohdy p\u0159ipoj\u00ed i\u00a0obyvatel\u00e9 v&hellip; <p class=\"chuchadon-read-more\"><a href=\"https:\/\/www.stolex.cz\/s-celou-rodinou\/\" class=\"more-link\">Read more <span class=\"screen-reader-text\">S celou rodinou<\/span><\/a><\/p>","datePublished":"2023-06-20","dateModified":"2024-05-20","author":{"@type":"Person","@id":"https:\/\/www.stolex.cz\/author\/#Person","name":"","url":"https:\/\/www.stolex.cz\/author\/","identifier":1,"image":{"@type":"ImageObject","@id":"https:\/\/secure.gravatar.com\/avatar\/9cae764794acc12213aa530e21558ed2bd96c03f91e0c3ad21cc1905765be658?s=96&d=mm&r=g","url":"https:\/\/secure.gravatar.com\/avatar\/9cae764794acc12213aa530e21558ed2bd96c03f91e0c3ad21cc1905765be658?s=96&d=mm&r=g","height":96,"width":96}},"publisher":{"@type":"Organization","name":"stolex.cz","logo":{"@type":"ImageObject","@id":"\/logo.png","url":"\/logo.png","width":600,"height":60}},"image":{"@type":"ImageObject","@id":"https:\/\/www.stolex.cz\/wp-content\/uploads\/prague-5774045_1280_1.jpg","url":"https:\/\/www.stolex.cz\/wp-content\/uploads\/prague-5774045_1280_1.jpg","height":0,"width":0},"url":"https:\/\/www.stolex.cz\/s-celou-rodinou\/","about":["Kultura"],"wordCount":436,"articleBody":"Snad nejobl\u00edben\u011bj\u0161\u00ed n\u00e1rodopisnou slavnost\u00ed b\u00fdv\u00e1 v m\u00e1jov\u00fdch dnech J\u00edzda kr\u00e1l\u016f. Na kterou se sj\u00ed\u017ed\u00ed div\u00e1ci z cel\u00e9 republiky. Aby ocenili krojovanou dru\u017einu chlapc\u016f na kon\u00edch p\u0159i ob\u0159adn\u00ed obj\u00ed\u017e\u010fce cel\u00e9 vesnice. Kdy hlavn\u00ed postavou je kr\u00e1l oble\u010den do \u017eensk\u00e9ho kroje. Doprovod tvo\u0159\u00ed je\u0161t\u011b krom\u011b p\u00e1\u017eat\u00a0i tajemn\u00edci s tasen\u00fdmi \u0161avlemi. K pr\u016fvodu se mnohdy p\u0159ipoj\u00ed i\u00a0obyvatel\u00e9 v m\u00edstn\u00edch kroj\u00edch. Doprovodn\u00fd program t\u00e9to kulturn\u00ed akce b\u00fdv\u00e1 napln\u011bn lidov\u00fdm um\u011bn\u00edm. Od p\u00edsn\u00ed a tanc\u016f, kter\u00fdmi soubory slavnosti zahajuj\u00ed p\u0159es divadeln\u00ed p\u0159edstaven\u00ed m\u00edstn\u00edho spolku. K ve\u010dern\u00edmu posezen\u00ed u cimb\u00e1lov\u00e9 muziky. Pro d\u011bti jsou p\u0159ipraveny r\u016fzn\u00e9 atrakce a sout\u011b\u017ee. A nechyb\u00ed ani m\u00edstn\u00ed speciality.Jednou z kulturn\u00edch akc\u00ed v hlavn\u00edm m\u011bst\u011b, kterou je mo\u017en\u00e9 nav\u0161t\u00edvit s celou rodinou, je n\u00e1v\u0161t\u011bva\u00a0historick\u00e9\u00a0vl\u00e1dn\u00ed vily. Den otev\u0159en\u00fdch dve\u0159\u00ed v Hrz\u00e1nsk\u00e9m pal\u00e1ci je organizov\u00e1n jenom t\u0159ikr\u00e1t ro\u010dn\u011b. A jeden z leto\u0161n\u00edch term\u00edn\u016f je i kv\u011btnov\u00fd. Obzvl\u00e1\u0161t\u011b pro d\u011bti je tato komentovan\u00e1 prohl\u00eddka\u00a0vhodn\u00fdm dopl\u0148kem k hodin\u00e1m d\u011bjepisu. Mo\u017enost nav\u0161t\u00edvit vyhl\u00eddku a z terasy si vychutnat m\u00edsto, kter\u00e9 obdivoval i jeho nejv\u00fdznamn\u011bj\u0161\u00ed obyvatel &#8211; prvn\u00ed \u010deskoslovensk\u00fd prezident Tom\u00e1\u0161 Garrique\u00a0Masaryk, je pro mnoh\u00e9 nezapomenutelnou vzpom\u00ednkou. Ve t\u0159ic\u00e1t\u00fdch letech tu m\u011bl ateli\u00e9r mal\u00ed\u0159 Jan Slav\u00ed\u010dek. Jeho\u017e nejzn\u00e1m\u011bj\u0161\u00ed obrazy Prahy jsou malov\u00e1ny z oken Hrz\u00e1nsk\u00e9ho pal\u00e1ce.M\u00e1jov\u00e1 slavnost, kter\u00e1 je z\u00e1rove\u0148 i zahajovac\u00ed l\u00e1ze\u0148sk\u00e9 sezony, je rovn\u011b\u017e v\u00edt\u00e1na jak dosp\u011bl\u00fdmi, tak d\u011btmi. Doprovodn\u00fd koncert Hudby Hradn\u00ed str\u00e1\u017ee je z\u00e1\u017eitkem, kter\u00fd nadchne v\u0161echny \u010dleny rodiny. Letov\u00e9 uk\u00e1zky dravc\u016f Zayferus na\u00a0 z\u00e1mku Lednice jsou v kv\u011btnu p\u0159\u00edstupny v\u0161em, kte\u0159\u00ed maj\u00ed r\u00e1di p\u0159\u00edrodu a dravce v n\u00ed. Cel\u00fd park je za\u0159azen do kulturn\u00edho d\u011bdictv\u00ed UNESCO. A\u00a0sk\u00fdt\u00e1 sv\u00fdm n\u00e1v\u0161t\u011bvn\u00edk\u016fm opravdu nev\u0161edn\u00ed z\u00e1\u017eitky. Kde jinde se lze potkat s v\u00fdry, orly, sokoly \u010di jest\u0159\u00e1by na jednom m\u00edst\u011b. Tomuto parku,\u00a0se stolet\u00fdmi duby, zelenou tr\u00e1vou a modrou oblohou, je p\u0159ipisov\u00e1no prvenstv\u00ed v kr\u00e1se p\u0159edv\u00e1d\u011bn\u00ed letu dravc\u016f na cel\u00e9m sv\u011bt\u011b.\u00a0                                                                                                                                                                                                                                                                                                                                                                                        4.1\/5 - (8 votes)        "},{"@context":"https:\/\/schema.org\/","@type":"BreadcrumbList","itemListElement":[{"@type":"ListItem","position":1,"name":"S celou rodinou","item":"https:\/\/www.stolex.cz\/s-celou-rodinou\/#breadcrumbitem"}]}]