[{"@context":"https:\/\/schema.org\/","@type":"Article","@id":"https:\/\/www.stolex.cz\/pronajmete-si-zahradku-i-s-chatou\/#Article","mainEntityOfPage":"https:\/\/www.stolex.cz\/pronajmete-si-zahradku-i-s-chatou\/","headline":"Pronajm\u011bte si zahr\u00e1dku i s\u00a0chatou","name":"Pronajm\u011bte si zahr\u00e1dku i s\u00a0chatou","description":"R\u00e1di chod\u00edte po hor\u00e1ch? M\u00e1me jedine\u010dnou p\u0159\u00edle\u017eitost zprost\u0159edkovat v\u00e1m na\u0161e chaty a chalupy k pronajmut\u00ed. Vyb\u00edrat si m\u016f\u017eete z n\u011bkolika stovek chat a chalup. Jsou na hor\u00e1ch, v malebn\u00fdch vesni\u010dk\u00e1ch, na samot\u011b u lesa nebo u vody. P\u011b\u0161\u00ed turistice se m\u016f\u017eete v\u011bnovat v \u010cesk\u00e9 i Slovensk\u00e9 republice. Sta\u010d\u00ed si z bohat\u00e9 nab\u00eddky vybrat. Pokud se&hellip; <p class=\"chuchadon-read-more\"><a href=\"https:\/\/www.stolex.cz\/pronajmete-si-zahradku-i-s-chatou\/\" class=\"more-link\">Read more <span class=\"screen-reader-text\">Pronajm\u011bte si zahr\u00e1dku i s\u00a0chatou<\/span><\/a><\/p>","datePublished":"2025-04-03","dateModified":"2025-04-03","author":{"@type":"Person","@id":"https:\/\/www.stolex.cz\/author\/#Person","name":"","url":"https:\/\/www.stolex.cz\/author\/","identifier":1,"image":{"@type":"ImageObject","@id":"https:\/\/secure.gravatar.com\/avatar\/9cae764794acc12213aa530e21558ed2bd96c03f91e0c3ad21cc1905765be658?s=96&d=mm&r=g","url":"https:\/\/secure.gravatar.com\/avatar\/9cae764794acc12213aa530e21558ed2bd96c03f91e0c3ad21cc1905765be658?s=96&d=mm&r=g","height":96,"width":96}},"publisher":{"@type":"Organization","name":"stolex.cz","logo":{"@type":"ImageObject","@id":"\/logo.png","url":"\/logo.png","width":600,"height":60}},"url":"https:\/\/www.stolex.cz\/pronajmete-si-zahradku-i-s-chatou\/","wordCount":154,"articleBody":"R\u00e1di chod\u00edte po hor\u00e1ch? M\u00e1me jedine\u010dnou p\u0159\u00edle\u017eitost zprost\u0159edkovat v\u00e1m na\u0161e chaty a chalupy k pronajmut\u00ed. Vyb\u00edrat si m\u016f\u017eete z n\u011bkolika stovek chat a chalup. Jsou na hor\u00e1ch, v malebn\u00fdch vesni\u010dk\u00e1ch, na samot\u011b u lesa nebo u vody. P\u011b\u0161\u00ed turistice se m\u016f\u017eete v\u011bnovat v \u010cesk\u00e9 i Slovensk\u00e9 republice. Sta\u010d\u00ed si z bohat\u00e9 nab\u00eddky vybrat. Pokud se v\u011bnujete p\u011b\u0161\u00ed turistice, m\u00e1te celou \u0159adu mo\u017enost\u00ed, kam zajet. Zda v\u00e1s l\u00e1kaj\u00ed Krkono\u0161e, \u0160umava, Jizersk\u00e9 \u010di Orlick\u00e9 hory nebo Beskydy, na Slovensku pak Vysok\u00e9 a N\u00edzk\u00e9 Tatry, Slovensk\u00e9 rudoho\u0159\u00ed, Mal\u00e1 a Velk\u00e1 Fatra a dal\u0161\u00ed. Sami se rozhodn\u011bte a pak n\u00e1s kontaktujte. Ur\u010dit\u011b pro v\u00e1s najdeme chaty a chalupy k pronajmut\u00ed. P\u011b\u0161\u00ed turistika Chaty a chalupy k pronajmut\u00ed m\u00e1me po cel\u00e9 \u010cesk\u00e9 i Slovensk\u00e9 republice.                                                                                                                                                                                                                                                                                                                                                                                        3\/5 - (1 vote)        "},{"@context":"https:\/\/schema.org\/","@type":"BreadcrumbList","itemListElement":[{"@type":"ListItem","position":1,"name":"Pronajm\u011bte si zahr\u00e1dku i s\u00a0chatou","item":"https:\/\/www.stolex.cz\/pronajmete-si-zahradku-i-s-chatou\/#breadcrumbitem"}]}]